{"id":11006,"date":"2026-04-27T17:16:08","date_gmt":"2026-04-27T15:16:08","guid":{"rendered":"https:\/\/tsvdeinsen.de\/?p=11006"},"modified":"2026-04-27T19:14:44","modified_gmt":"2026-04-27T17:14:44","slug":"pokalhalbfinale-am-mittwoch-fuer-herren","status":"publish","type":"post","link":"https:\/\/tsvdeinsen.de\/?p=11006","title":{"rendered":"Pokalhalbfinale am Mittwoch f\u00fcr Herren"},"content":{"rendered":"\n<p>Am kommenden Mittwoch um 18:45 Uhr steigt f\u00fcr unsere Herren beim TSV Holenberg das Halbfinale des Kreispokals im neugeschaffenen NFV Fu\u00dfballkreis Hildesheim-Holzminden.<\/p>\n\n\n\n<p>F\u00fcr uns als Verein in der Grenzregion der Kreise Hildesheim und Holzminden und auch f\u00fcr unser Team war es von Saisonbeginn an ein gro\u00dfes Ziel bei diesem Wettbewerb, welcher durch die Kreisfusion zum ersten Mal in diesem Format und dieser Gr\u00f6\u00dfenordnung mit \u00fcber 90 Teams ausgetragen wurde, in das Finale einzuziehen. Nun fehlt noch der letzte Schritt f\u00fcr unsere Mannschaft. F\u00fcr uns als Verein w\u00e4re es die dritte Finalteilnahme im Herrenbereich in den letzten 20 Jahren nach dem Finaleinzug 2006 mit der II. Herren sowie dem Pokalsieg 2013 mit der Herren. Nach 5 Ausw\u00e4rtsspielen in den ersten Runden erwartet uns dieses Mal in unserem 6. Ausw\u00e4rtsspiel des Wettbewerbes mit dem Tabellenf\u00fchrer der Kreisliga Holzminden dem TSV Holenberg eine besonders hohe Ausw\u00e4rtsh\u00fcrde.<\/p>\n\n\n\n<p>Um diese H\u00fcrde zu \u00fcberwinden ben\u00f6tigen wir am kommenden Mittwoch jede m\u00f6gliche Unterst\u00fctzung und freuen uns \u00fcber jeden Zuschauer der die Reise \u00fcber den ITH bis nach Holenberg mit uns Antritt um unser Team anzufeuern.<\/p>\n\n\n\n<p>#nurderTSV<\/p>\n\n\n\n<figure class=\"wp-block-image size-large\"><img loading=\"lazy\" decoding=\"async\" width=\"768\" height=\"768\" src=\"https:\/\/tsvdeinsen.de\/wp-content\/uploads\/2026\/04\/IMG-20260426-WA0008-768x768.jpg\" alt=\"\" class=\"wp-image-11007\" srcset=\"https:\/\/tsvdeinsen.de\/wp-content\/uploads\/2026\/04\/IMG-20260426-WA0008-768x768.jpg 768w, https:\/\/tsvdeinsen.de\/wp-content\/uploads\/2026\/04\/IMG-20260426-WA0008-300x300.jpg 300w, https:\/\/tsvdeinsen.de\/wp-content\/uploads\/2026\/04\/IMG-20260426-WA0008-150x150.jpg 150w, https:\/\/tsvdeinsen.de\/wp-content\/uploads\/2026\/04\/IMG-20260426-WA0008-480x480.jpg 480w, https:\/\/tsvdeinsen.de\/wp-content\/uploads\/2026\/04\/IMG-20260426-WA0008-600x600.jpg 600w, https:\/\/tsvdeinsen.de\/wp-content\/uploads\/2026\/04\/IMG-20260426-WA0008-128x128.jpg 128w, https:\/\/tsvdeinsen.de\/wp-content\/uploads\/2026\/04\/IMG-20260426-WA0008-32x32.jpg 32w, https:\/\/tsvdeinsen.de\/wp-content\/uploads\/2026\/04\/IMG-20260426-WA0008-144x144.jpg 144w, https:\/\/tsvdeinsen.de\/wp-content\/uploads\/2026\/04\/IMG-20260426-WA0008.jpg 1254w\" sizes=\"auto, (max-width: 768px) 100vw, 768px\" \/><\/figure>\n\n\n\n<figure class=\"wp-block-image size-full\"><img loading=\"lazy\" decoding=\"async\" width=\"777\" height=\"414\" src=\"https:\/\/tsvdeinsen.de\/wp-content\/uploads\/2026\/04\/94380095_3007797019311624_1229414769069391872_n.jpg\" alt=\"\" class=\"wp-image-11013\" srcset=\"https:\/\/tsvdeinsen.de\/wp-content\/uploads\/2026\/04\/94380095_3007797019311624_1229414769069391872_n.jpg 777w, https:\/\/tsvdeinsen.de\/wp-content\/uploads\/2026\/04\/94380095_3007797019311624_1229414769069391872_n-300x160.jpg 300w, https:\/\/tsvdeinsen.de\/wp-content\/uploads\/2026\/04\/94380095_3007797019311624_1229414769069391872_n-128x68.jpg 128w, https:\/\/tsvdeinsen.de\/wp-content\/uploads\/2026\/04\/94380095_3007797019311624_1229414769069391872_n-32x17.jpg 32w\" sizes=\"auto, (max-width: 777px) 100vw, 777px\" \/><figcaption class=\"wp-element-caption\">Damals 2013<\/figcaption><\/figure>\n\n\n\n<figure class=\"wp-block-image size-large\"><img loading=\"lazy\" decoding=\"async\" width=\"1024\" height=\"566\" src=\"https:\/\/tsvdeinsen.de\/wp-content\/uploads\/2026\/04\/Anonymized_IMG-20260406-WA0002-1024x566.jpg\" alt=\"\" class=\"wp-image-11014\" srcset=\"https:\/\/tsvdeinsen.de\/wp-content\/uploads\/2026\/04\/Anonymized_IMG-20260406-WA0002-1024x566.jpg 1024w, https:\/\/tsvdeinsen.de\/wp-content\/uploads\/2026\/04\/Anonymized_IMG-20260406-WA0002-300x166.jpg 300w, https:\/\/tsvdeinsen.de\/wp-content\/uploads\/2026\/04\/Anonymized_IMG-20260406-WA0002-1536x849.jpg 1536w, https:\/\/tsvdeinsen.de\/wp-content\/uploads\/2026\/04\/Anonymized_IMG-20260406-WA0002-2048x1133.jpg 2048w, https:\/\/tsvdeinsen.de\/wp-content\/uploads\/2026\/04\/Anonymized_IMG-20260406-WA0002-128x71.jpg 128w, https:\/\/tsvdeinsen.de\/wp-content\/uploads\/2026\/04\/Anonymized_IMG-20260406-WA0002-32x18.jpg 32w\" sizes=\"auto, (max-width: 1024px) 100vw, 1024px\" \/><figcaption class=\"wp-element-caption\">Heute 2026<\/figcaption><\/figure>\n","protected":false},"excerpt":{"rendered":"<p>Am kommenden Mittwoch um 18:45 Uhr steigt f\u00fcr unsere Herren beim TSV Holenberg das Halbfinale des Kreispokals im neugeschaffenen NFV Fu\u00dfballkreis Hildesheim-Holzminden. F\u00fcr uns als Verein in der Grenzregion der Kreise Hildesheim und Holzminden und auch f\u00fcr unser Team war es von Saisonbeginn an ein gro\u00dfes Ziel bei diesem Wettbewerb, welcher durch die Kreisfusion zum<\/p>\n<p><a class=\"read-more\" href=\"https:\/\/tsvdeinsen.de\/?p=11006\"> Read More&#8230;<\/a><\/p>\n","protected":false},"author":5,"featured_media":11007,"comment_status":"closed","ping_status":"closed","sticky":false,"template":"","format":"standard","meta":{"footnotes":""},"categories":[31],"tags":[],"class_list":["post-11006","post","type-post","status-publish","format-standard","has-post-thumbnail","hentry","category-allgemein"],"_links":{"self":[{"href":"https:\/\/tsvdeinsen.de\/index.php?rest_route=\/wp\/v2\/posts\/11006","targetHints":{"allow":["GET"]}}],"collection":[{"href":"https:\/\/tsvdeinsen.de\/index.php?rest_route=\/wp\/v2\/posts"}],"about":[{"href":"https:\/\/tsvdeinsen.de\/index.php?rest_route=\/wp\/v2\/types\/post"}],"author":[{"embeddable":true,"href":"https:\/\/tsvdeinsen.de\/index.php?rest_route=\/wp\/v2\/users\/5"}],"replies":[{"embeddable":true,"href":"https:\/\/tsvdeinsen.de\/index.php?rest_route=%2Fwp%2Fv2%2Fcomments&post=11006"}],"version-history":[{"count":5,"href":"https:\/\/tsvdeinsen.de\/index.php?rest_route=\/wp\/v2\/posts\/11006\/revisions"}],"predecessor-version":[{"id":11015,"href":"https:\/\/tsvdeinsen.de\/index.php?rest_route=\/wp\/v2\/posts\/11006\/revisions\/11015"}],"wp:featuredmedia":[{"embeddable":true,"href":"https:\/\/tsvdeinsen.de\/index.php?rest_route=\/wp\/v2\/media\/11007"}],"wp:attachment":[{"href":"https:\/\/tsvdeinsen.de\/index.php?rest_route=%2Fwp%2Fv2%2Fmedia&parent=11006"}],"wp:term":[{"taxonomy":"category","embeddable":true,"href":"https:\/\/tsvdeinsen.de\/index.php?rest_route=%2Fwp%2Fv2%2Fcategories&post=11006"},{"taxonomy":"post_tag","embeddable":true,"href":"https:\/\/tsvdeinsen.de\/index.php?rest_route=%2Fwp%2Fv2%2Ftags&post=11006"}],"curies":[{"name":"wp","href":"https:\/\/api.w.org\/{rel}","templated":true}]}}