{"id":11315,"date":"2026-09-06T18:32:37","date_gmt":"2026-09-06T16:32:37","guid":{"rendered":"https:\/\/tsvdeinsen.de\/?p=11315"},"modified":"2026-09-06T18:32:39","modified_gmt":"2026-09-06T16:32:39","slug":"herren-mit-niederlage-ue40-mit-heimsieg","status":"publish","type":"post","link":"https:\/\/tsvdeinsen.de\/?p=11315","title":{"rendered":"Herren mit Niederlage &#8211; \u00dc40 mit Heimsieg"},"content":{"rendered":"\n<p class=\"wp-block-paragraph\">Praktisch mit dem letzten Aufgebot mussten sich unsere Herren am Ende dem VFL Adensen-Hallerburg mit 1:4 (0:2) geschlagen geben.<\/p>\n\n\n\n<p class=\"wp-block-paragraph\">Insbesondere in der ersten Halbzeit war unser Team trotz der schwierigen Umst\u00e4nde spielbestimmend, verpasste es aber sich f\u00fcr den betriebenen Aufwand zu belohnen. Die G\u00e4ste bestraften unsere Fehler auf der anderen Seite eiskalt und gingen durch zwei Kontertore in der 16. und 45.Minute mit 0:2 zur Pause in F\u00fchrung. <\/p>\n\n\n\n<p class=\"wp-block-paragraph\">Nach der Pause schw\u00e4chte sich unser Team durch einen unn\u00f6tigen Platzverweis dann auch noch selbst, so dass es nun noch schwerer werden sollte. Nachdem wir zun\u00e4chst das 0:3 der G\u00e4ste hinnehmen mussten, blieben wir aber gut im Spiel und konnten in Unterzahl durch Kenan Berisha auf 1:3 verk\u00fcrzen. In der Schlussphase versuchten wir nochmal alles um den Anschlusstreffer zu erzielen, mussten durch einen Konter dann aber nochmal das 1:4 zum Endstand schlucken.<\/p>\n\n\n\n<p class=\"wp-block-paragraph\">Bereits am Freitagabend konnte unsere \u00dc40 bei der Heimpremiere auf dem Handelah in Eime einen 4:1 (1:0) Heimsieg durch drei Treffer von Patrick St\u00f6wer sowie einem Treffer von Martin Gusek \u00fcber die SG Sibbesse\/Eberholzen\/Westfeld feiern. Die Defensive um Torh\u00fcter Manuel Beining war nur durch einen Elfmeter von Florian Matthes zu \u00fcberwinden.<\/p>\n\n\n\n<p class=\"wp-block-paragraph\">F\u00fcr unsere Herren geht es bereits am kommenden Mittwoch um 19 Uhr mit dem n\u00e4chsten Spiel beim FC Stadtoldendorf weiter.<\/p>\n\n\n\n<figure class=\"wp-block-image size-large\"><img loading=\"lazy\" decoding=\"async\" width=\"500\" height=\"768\" src=\"https:\/\/tsvdeinsen.de\/wp-content\/uploads\/2026\/09\/IMG_20260906_181140-500x768.jpg\" alt=\"\" class=\"wp-image-11317\" srcset=\"https:\/\/tsvdeinsen.de\/wp-content\/uploads\/2026\/09\/IMG_20260906_181140-500x768.jpg 500w, https:\/\/tsvdeinsen.de\/wp-content\/uploads\/2026\/09\/IMG_20260906_181140-999x1536.jpg 999w, https:\/\/tsvdeinsen.de\/wp-content\/uploads\/2026\/09\/IMG_20260906_181140-83x128.jpg 83w, https:\/\/tsvdeinsen.de\/wp-content\/uploads\/2026\/09\/IMG_20260906_181140-21x32.jpg 21w, https:\/\/tsvdeinsen.de\/wp-content\/uploads\/2026\/09\/IMG_20260906_181140.jpg 1220w\" sizes=\"auto, (max-width: 500px) 100vw, 500px\" \/><\/figure>\n","protected":false},"excerpt":{"rendered":"<p>Praktisch mit dem letzten Aufgebot mussten sich unsere Herren am Ende dem VFL Adensen-Hallerburg mit 1:4 (0:2) geschlagen geben. Insbesondere in der ersten Halbzeit war unser Team trotz der schwierigen Umst\u00e4nde spielbestimmend, verpasste es aber sich f\u00fcr den betriebenen Aufwand zu belohnen. Die G\u00e4ste bestraften unsere Fehler auf der anderen Seite eiskalt und gingen durch<\/p>\n<p><a class=\"read-more\" href=\"https:\/\/tsvdeinsen.de\/?p=11315\"> Read More&#8230;<\/a><\/p>\n","protected":false},"author":5,"featured_media":11316,"comment_status":"closed","ping_status":"closed","sticky":false,"template":"","format":"standard","meta":{"footnotes":""},"categories":[31],"tags":[],"class_list":["post-11315","post","type-post","status-publish","format-standard","has-post-thumbnail","hentry","category-allgemein"],"_links":{"self":[{"href":"https:\/\/tsvdeinsen.de\/index.php?rest_route=\/wp\/v2\/posts\/11315","targetHints":{"allow":["GET"]}}],"collection":[{"href":"https:\/\/tsvdeinsen.de\/index.php?rest_route=\/wp\/v2\/posts"}],"about":[{"href":"https:\/\/tsvdeinsen.de\/index.php?rest_route=\/wp\/v2\/types\/post"}],"author":[{"embeddable":true,"href":"https:\/\/tsvdeinsen.de\/index.php?rest_route=\/wp\/v2\/users\/5"}],"replies":[{"embeddable":true,"href":"https:\/\/tsvdeinsen.de\/index.php?rest_route=%2Fwp%2Fv2%2Fcomments&post=11315"}],"version-history":[{"count":1,"href":"https:\/\/tsvdeinsen.de\/index.php?rest_route=\/wp\/v2\/posts\/11315\/revisions"}],"predecessor-version":[{"id":11318,"href":"https:\/\/tsvdeinsen.de\/index.php?rest_route=\/wp\/v2\/posts\/11315\/revisions\/11318"}],"wp:featuredmedia":[{"embeddable":true,"href":"https:\/\/tsvdeinsen.de\/index.php?rest_route=\/wp\/v2\/media\/11316"}],"wp:attachment":[{"href":"https:\/\/tsvdeinsen.de\/index.php?rest_route=%2Fwp%2Fv2%2Fmedia&parent=11315"}],"wp:term":[{"taxonomy":"category","embeddable":true,"href":"https:\/\/tsvdeinsen.de\/index.php?rest_route=%2Fwp%2Fv2%2Fcategories&post=11315"},{"taxonomy":"post_tag","embeddable":true,"href":"https:\/\/tsvdeinsen.de\/index.php?rest_route=%2Fwp%2Fv2%2Ftags&post=11315"}],"curies":[{"name":"wp","href":"https:\/\/api.w.org\/{rel}","templated":true}]}}