{"id":8814,"date":"2022-04-30T12:40:17","date_gmt":"2022-04-30T10:40:17","guid":{"rendered":"https:\/\/tsvdeinsen.de\/?p=8814"},"modified":"2022-04-30T18:30:33","modified_gmt":"2022-04-30T16:30:33","slug":"sieg-und-niederlage-unter-woche-fuer-ue40","status":"publish","type":"post","link":"https:\/\/tsvdeinsen.de\/?p=8814","title":{"rendered":"Sieg und Niederlage unter der Woche f\u00fcr \u00dc40"},"content":{"rendered":"\n<p>Aufgrund einer Dreierspielrunde und einiger Nachholspiele musste unsere \u00dc40 am Mittwoch und Freitag gleich zweimal unter der Woche antreten. Am Mittwoch konnte dabei der SC Itzum klar und deutlich in einem einseitigen Spiel mit 9:0 (2:0) bezwungen werden.<\/p>\n\n\n\n<p>Die Tore f\u00fcr den TSV erzielten:<br>4x Erkan Demir, 2x Lars Ratheisky, 2x Lars Wedekind sowie Michael Schmidt.<\/p>\n\n\n\n<p>Am Freitag musste man sich in einem engen und intensiven Spiel dem VfR Ochtersum mit 2:3 (0:2) geschlagen geben. Zu Beginn war man noch nicht ganz wach, so dass man fr\u00fch einem 0:2 R\u00fcckstand hinterherlaufen musste. Gegen die dicht gestaffelte Abwehr der Ochtersumer tat man sich zun\u00e4chst schwer zu guten Torchancen zu kommen. Dies \u00e4nderte sich in der zweiten Halbzeit und man erspielte sich eine Reihe guter Torchancen. Zwei von diesen konnten durch Erkan Demir vollstreckt werden. Da die Ochtersumer durch einen umstrittenen Treffer, nach vorherigem Foul an Stefan M\u00fcller, jedoch noch ihren dritten Treffer erzielen konnten, musste man sich letztlich mit 2:3 geschlagen geben. Ein Punkt w\u00e4re hier sicher mehr als verdient gewesen.<\/p>\n\n\n\n<p>N\u00e4chsten Samstag tritt man ausw\u00e4rts beim Spitzenreiter in Bockenem an.<\/p>\n","protected":false},"excerpt":{"rendered":"<p>Aufgrund einer Dreierspielrunde und einiger Nachholspiele musste unsere \u00dc40 am Mittwoch und Freitag gleich zweimal unter der Woche antreten. Am Mittwoch konnte dabei der SC Itzum klar und deutlich in einem einseitigen Spiel mit 9:0 (2:0) bezwungen werden. Die Tore f\u00fcr den TSV erzielten:4x Erkan Demir, 2x Lars Ratheisky, 2x Lars Wedekind sowie Michael Schmidt.<\/p>\n<p><a class=\"read-more\" href=\"https:\/\/tsvdeinsen.de\/?p=8814\"> Read More&#8230;<\/a><\/p>\n","protected":false},"author":5,"featured_media":8815,"comment_status":"closed","ping_status":"closed","sticky":false,"template":"","format":"standard","meta":{"footnotes":""},"categories":[31],"tags":[],"class_list":["post-8814","post","type-post","status-publish","format-standard","has-post-thumbnail","hentry","category-allgemein"],"_links":{"self":[{"href":"https:\/\/tsvdeinsen.de\/index.php?rest_route=\/wp\/v2\/posts\/8814","targetHints":{"allow":["GET"]}}],"collection":[{"href":"https:\/\/tsvdeinsen.de\/index.php?rest_route=\/wp\/v2\/posts"}],"about":[{"href":"https:\/\/tsvdeinsen.de\/index.php?rest_route=\/wp\/v2\/types\/post"}],"author":[{"embeddable":true,"href":"https:\/\/tsvdeinsen.de\/index.php?rest_route=\/wp\/v2\/users\/5"}],"replies":[{"embeddable":true,"href":"https:\/\/tsvdeinsen.de\/index.php?rest_route=%2Fwp%2Fv2%2Fcomments&post=8814"}],"version-history":[{"count":2,"href":"https:\/\/tsvdeinsen.de\/index.php?rest_route=\/wp\/v2\/posts\/8814\/revisions"}],"predecessor-version":[{"id":8817,"href":"https:\/\/tsvdeinsen.de\/index.php?rest_route=\/wp\/v2\/posts\/8814\/revisions\/8817"}],"wp:featuredmedia":[{"embeddable":true,"href":"https:\/\/tsvdeinsen.de\/index.php?rest_route=\/wp\/v2\/media\/8815"}],"wp:attachment":[{"href":"https:\/\/tsvdeinsen.de\/index.php?rest_route=%2Fwp%2Fv2%2Fmedia&parent=8814"}],"wp:term":[{"taxonomy":"category","embeddable":true,"href":"https:\/\/tsvdeinsen.de\/index.php?rest_route=%2Fwp%2Fv2%2Fcategories&post=8814"},{"taxonomy":"post_tag","embeddable":true,"href":"https:\/\/tsvdeinsen.de\/index.php?rest_route=%2Fwp%2Fv2%2Ftags&post=8814"}],"curies":[{"name":"wp","href":"https:\/\/api.w.org\/{rel}","templated":true}]}}