{"id":8844,"date":"2022-05-19T18:18:22","date_gmt":"2022-05-19T16:18:22","guid":{"rendered":"https:\/\/tsvdeinsen.de\/?p=8844"},"modified":"2022-05-20T15:42:48","modified_gmt":"2022-05-20T13:42:48","slug":"derbysieg-gegen-sv-betheln-eddinghausen-neue-jacken-uebergeben","status":"publish","type":"post","link":"https:\/\/tsvdeinsen.de\/?p=8844","title":{"rendered":"Derbysieg gegen SV Betheln\/Eddinghausen &#8211; Neue Jacken \u00fcbergeben !"},"content":{"rendered":"\n<p>Am Mittwoch Abend trafen die Deinser \u00dc40 Senioren im Kreisliga-Derby in Deinsen auf den&nbsp;SV Betheln\/Eddinghausen. Vor dem Match gab es noch die \u00dcbergabe von neuen Trainingsjacken.&nbsp;Durch die Corona-Pandemie erfolgte die \u00dcbergabe der Jacken mit einem Jahr Versp\u00e4tung. So kam&nbsp;Sponsor Arndt Thomas von der Thomas GmbH (Heizung &#8211; Sanit\u00e4r &#8211; Klima &#8211; L\u00fcftung) aus Delligsen,&nbsp;am Mittwoch Abend vor dem Spiel zur \u00dcbergabe der Jacken nach Deinsen.&nbsp;Im Namen der Mannschaft bedankte sich TSV-Betreuer Patrick Pander bei Arndt Thomas f\u00fcr die&nbsp;&nbsp;neuen Jacken, die sofort als Gl\u00fccksbringer fungieren sollten.<\/p>\n\n\n\n<p>Im Derby gegen den SV Betheln\/Eddinghausen gab es dann einen klaren und ungef\u00e4hrdeten 6 : 1 Erfolg. F\u00fcr den TSV Deinsen trafen&nbsp;4x Oliver Schiermann und 2x Bj\u00f6rn Fengler. Den Treffer f\u00fcr den SV Betheln\/Eddinghausen markierte&nbsp;Frank Br\u00f6mme.&nbsp;&nbsp;<\/p>\n\n\n\n<p><strong>Auf dem Foto zu sehen sind stehend von links nach rechts<\/strong>:\u00a0Betreuer Patrick Pander, Sponsor Arndt Thomas, Mirko Wendland, Olaf Krause, Jens Schlass, Veljko\u00a0Bundalo, Volker Rissau und Andre Kotarra.\u00a0<\/p>\n\n\n\n<p><strong>Vordere Reihe in der Hocke von links nach rechts:<\/strong>&nbsp;Lars Wedekind, Oliver Schiermann mit Tochter Ella, Bj\u00f6rn Fengler, Vlatko Ivankovic und Norbert Fengler.<\/p>\n","protected":false},"excerpt":{"rendered":"<p>Am Mittwoch Abend trafen die Deinser \u00dc40 Senioren im Kreisliga-Derby in Deinsen auf den&nbsp;SV Betheln\/Eddinghausen. Vor dem Match gab es noch die \u00dcbergabe von neuen Trainingsjacken.&nbsp;Durch die Corona-Pandemie erfolgte die \u00dcbergabe der Jacken mit einem Jahr Versp\u00e4tung. So kam&nbsp;Sponsor Arndt Thomas von der Thomas GmbH (Heizung &#8211; Sanit\u00e4r &#8211; Klima &#8211; L\u00fcftung) aus Delligsen,&nbsp;am Mittwoch<\/p>\n<p><a class=\"read-more\" href=\"https:\/\/tsvdeinsen.de\/?p=8844\"> Read More&#8230;<\/a><\/p>\n","protected":false},"author":5,"featured_media":8847,"comment_status":"closed","ping_status":"closed","sticky":false,"template":"","format":"standard","meta":{"footnotes":""},"categories":[31],"tags":[],"class_list":["post-8844","post","type-post","status-publish","format-standard","has-post-thumbnail","hentry","category-allgemein"],"_links":{"self":[{"href":"https:\/\/tsvdeinsen.de\/index.php?rest_route=\/wp\/v2\/posts\/8844","targetHints":{"allow":["GET"]}}],"collection":[{"href":"https:\/\/tsvdeinsen.de\/index.php?rest_route=\/wp\/v2\/posts"}],"about":[{"href":"https:\/\/tsvdeinsen.de\/index.php?rest_route=\/wp\/v2\/types\/post"}],"author":[{"embeddable":true,"href":"https:\/\/tsvdeinsen.de\/index.php?rest_route=\/wp\/v2\/users\/5"}],"replies":[{"embeddable":true,"href":"https:\/\/tsvdeinsen.de\/index.php?rest_route=%2Fwp%2Fv2%2Fcomments&post=8844"}],"version-history":[{"count":4,"href":"https:\/\/tsvdeinsen.de\/index.php?rest_route=\/wp\/v2\/posts\/8844\/revisions"}],"predecessor-version":[{"id":8851,"href":"https:\/\/tsvdeinsen.de\/index.php?rest_route=\/wp\/v2\/posts\/8844\/revisions\/8851"}],"wp:featuredmedia":[{"embeddable":true,"href":"https:\/\/tsvdeinsen.de\/index.php?rest_route=\/wp\/v2\/media\/8847"}],"wp:attachment":[{"href":"https:\/\/tsvdeinsen.de\/index.php?rest_route=%2Fwp%2Fv2%2Fmedia&parent=8844"}],"wp:term":[{"taxonomy":"category","embeddable":true,"href":"https:\/\/tsvdeinsen.de\/index.php?rest_route=%2Fwp%2Fv2%2Fcategories&post=8844"},{"taxonomy":"post_tag","embeddable":true,"href":"https:\/\/tsvdeinsen.de\/index.php?rest_route=%2Fwp%2Fv2%2Ftags&post=8844"}],"curies":[{"name":"wp","href":"https:\/\/api.w.org\/{rel}","templated":true}]}}