{"id":8904,"date":"2022-06-13T20:43:57","date_gmt":"2022-06-13T18:43:57","guid":{"rendered":"https:\/\/tsvdeinsen.de\/?p=8904"},"modified":"2022-06-13T21:52:47","modified_gmt":"2022-06-13T19:52:47","slug":"tsv-deinsen-bei-der-16-krombacher-ue40-niedersachsenmeisterschaft-am-ende-ein-guter-21-platz","status":"publish","type":"post","link":"https:\/\/tsvdeinsen.de\/?p=8904","title":{"rendered":"TSV Deinsen bei der 16. Krombacher \u00dc40 Niedersachsenmeisterschaft &#8211; am Ende ein guter 21. Platz !"},"content":{"rendered":"\n<p>Die Mannschaft der \u00dc40 Altsenioren des TSV Deinsen war am Samstag zum ersten Mal in der Vereinsgeschichte&nbsp;(seit dem 07.06.2022 ist der TSV Deinsen 75 Jahre alt), bei der Endrunde der \u00dc40 Niedersachsenmeisterschaft am&nbsp;Start. Bereits im September 2019 hatten sich die Deinser f\u00fcr diese Endrunde qualifiziert. Durch die Corona-Pandemie wurde dieses Endturnier 2x abgesagt, und konnte jetzt dann endlich ausgetragen werden. Insgesamt haben an diesem Wettbewerb des NFV aus ganz Niedersachsen 353 Mannschaften teilgenommen. Die Deinser konnten sich f\u00fcr das&nbsp;Endturnier mit 32 Mannschaften qualifizieren. Dieses Turnier fand nun am vergangenen Samstag in Harste und Lenglern bei Bovenden nahe G\u00f6ttingen statt. <\/p>\n\n\n\n<p>Das Deinser Team um Betreuer Patrick Pander war in der Vorrundengruppe C in&nbsp;Harste gelost worden. Die Gegner in der Vorrunde waren die SG W\u00f6rpetal aus dem Landkreis Rotenburg (W\u00fcmme), die&nbsp;Sportfreunde Braunschweig und der SC Spelle-Venhaus aus dem Emsland. Leider mussten die Deinser verletzungs- und&nbsp;krankheitsbedingt noch kurzfristig auf 4 Spieler verzichten, so dass der Kader dann am Ende doch sehr sehr klein war.<\/p>\n\n\n\n<p>Im ersten Match &nbsp;&#8211; ein Spiel ging immer \u00fcber 1x 20 Minuten &#8211; gegen die Sportfreunde Braunschweig gab es eine klare aber auch zu hohe 0 : 3 Niederlage. Das wurde aber kurz vor dem Ende der Partie zur v\u00f6lligen Nebensache, denn der&nbsp;Deinser-Keeper Mirko Wendland verletzte sich bei einer Rettungsaktion ohne Fremdeinwirkung so schwer an der&nbsp;Achillessehne, dass er mit einem Rettungswagen in ein G\u00f6ttinger Krankenhaus gefahren werden musste. Dort wurde er erstversorgt, und bekam eine Spezialschiene und Kr\u00fccken, an denen er dann im Laufe des Tages zu seinem Team&nbsp;nach Harste zur\u00fcckkehrte. <\/p>\n\n\n\n<p>Fortan stand St\u00fcrmer Erkan Demir im Deinser Tor. Nach dem Schock um die schwere&nbsp;Verletzung von Mirko Wendland gab es im 2. Spiel gegen das Team des SC Spelle-Venhus einen 1 : 0 Sieg durch einen&nbsp;Treffer von Bj\u00f6rn Ratheisky. <\/p>\n\n\n\n<p>Im abschlie\u00dfenden Gruppenspiel gegen die starke Mannschaft der SG W\u00f6rpetal erk\u00e4mpften&nbsp;sich die Deinser ein 1 : 1 Remis. Hatten dabei aber auch Pech mit einem vergebenen 9-Meter und einem Pfostentreffer, so dass es am Ende beim 1 : 1 durch einen herrlichen Kopfballtreffer von Lars Ratheisky in der Schlussminute blieb.&nbsp;<\/p>\n\n\n\n<p>So wurden die Pander-Sch\u00fctzlinge 3. in der Vorrundengruppe, und verpassten nur ganz knapp die Hauptrunde um den&nbsp;Turniersieg. In den Platzierungsrunden gab es 9-Meterschiessen. Im Achtelfinale trafen die Deinser auf den VfL Wolfsburg.<\/p>\n\n\n\n<p>F\u00fcr das 9-Meterschiessen wechselten die Deinser erneut den Keeper, und man stellte Bj\u00f6rn Ratheisky ins Tor. Das sollte ein kluger Schachzug gewesen sein. Denn gegen den VfL Wolfsburg parierte Bj\u00f6rn Ratheisky gleich drei 9-Meter. F\u00fcr den&nbsp;TSV Deinsen trafen Lars Ratheisky und Bj\u00f6rn Ratheisky zum umjubelten 2 : 1 Erfolg gegen die Altsenioren des Bundesligisten&nbsp;aus Wolfsburg. <\/p>\n\n\n\n<p>Im Viertelfinale der Platzierungsspiele trafen die Deinser dann auf den SSV Jeddeloh aus dem Ammerland.\u00a0Dort zeigten gleich drei Deinser Sch\u00fctzen Nerven und konnten den Ball nicht im Tor des SSV unterbringen. Da n\u00fctzten auch\u00a0zwei weitere Paraden von Bj\u00f6rn Ratheisky nichts, und es setze eine 2 : 3 Niederlage. Die Deinser Treffer markierten Lars\u00a0Ratheisky und Andre Kotarra. Damit war der TSV Deinsen im Viertelfinale der Platzierungsspiele ausgeschieden. <\/p>\n\n\n\n<p>Am Ende&nbsp;ein guter 21. Platz von 32 Mannschaften beim Endturnier und von 353 Teams aus ganz Niedersachsen. \u201eWenn man bedenkt, dass kurzfristig 4 Spieler noch ausgefallen sind, dass Mirko sich so schwer verletzt hat &#8211; dann ist diese Leistung von uns&nbsp;gar nicht hoch genug anzurechnen. Wir w\u00fcnschen Mirko schnelle Genesung und gute Besserung. Es war f\u00fcr uns alle ein ganz&nbsp;tolles Erlebnis, dass wir so wohl nicht mehr erleben werden. Danke an alle die dabei waren, und danke an die SG Lenglern\/Harste f\u00fcr die Organisation dieses Events\u201c, so TSV-Betreuer Patrick Pander nach dem sportlichen Teil der 16. Krombacher \u00dc40&nbsp;Niedersachsenmeisterschaft. <\/p>\n\n\n\n<p>Denn nach dem sportlichen Teil folgte ab 19.30 Uhr noch der gemeinsame Abend in der Sporthalle in Lenglern. Dort gab es ein gemeinsames Essen vom Buffet mit allen Teams und Verantwortlichen. Dazu nat\u00fcrlich Kaltgetr\u00e4nke&nbsp;und Musik vom DJ. So wurde bis in die fr\u00fchen Morgenstunden des Sonntages zusammen gefeiert.&nbsp;<\/p>\n\n\n\n<p><strong><u>F\u00fcr den TSV Deinsen liefen bei den \u00dc40 Niedersachsenmeisterschaften in Harste auf:<\/u><\/strong><\/p>\n\n\n\n<p>Mirko Wendland, Norbert Fengler, Erkan Demir, Lars Ratheisky, Bj\u00f6rn Ratheisky, Andre Kotarra, Stefan M\u00fcller, Velkjo Bundalo und Lars Wedekind. Teambetreuer Patrick Pander.&nbsp;<\/p>\n\n\n\n<p>Hier ein paar Bilder vom Event:<\/p>\n\n\n\n<figure class=\"wp-block-image size-large\"><img loading=\"lazy\" decoding=\"async\" width=\"1024\" height=\"768\" src=\"https:\/\/tsvdeinsen.de\/wp-content\/uploads\/2022\/06\/36401585-8ea5-465b-963a-77bc327c7b04-1024x768.jpg\" alt=\"\" class=\"wp-image-8902\" srcset=\"https:\/\/tsvdeinsen.de\/wp-content\/uploads\/2022\/06\/36401585-8ea5-465b-963a-77bc327c7b04-1024x768.jpg 1024w, https:\/\/tsvdeinsen.de\/wp-content\/uploads\/2022\/06\/36401585-8ea5-465b-963a-77bc327c7b04-300x225.jpg 300w, https:\/\/tsvdeinsen.de\/wp-content\/uploads\/2022\/06\/36401585-8ea5-465b-963a-77bc327c7b04-1536x1152.jpg 1536w, https:\/\/tsvdeinsen.de\/wp-content\/uploads\/2022\/06\/36401585-8ea5-465b-963a-77bc327c7b04-128x96.jpg 128w, https:\/\/tsvdeinsen.de\/wp-content\/uploads\/2022\/06\/36401585-8ea5-465b-963a-77bc327c7b04-32x24.jpg 32w, https:\/\/tsvdeinsen.de\/wp-content\/uploads\/2022\/06\/36401585-8ea5-465b-963a-77bc327c7b04.jpg 2048w\" sizes=\"auto, (max-width: 1024px) 100vw, 1024px\" \/><\/figure>\n\n\n\n<figure class=\"wp-block-image size-full\"><img loading=\"lazy\" decoding=\"async\" width=\"1024\" height=\"768\" src=\"https:\/\/tsvdeinsen.de\/wp-content\/uploads\/2022\/06\/747ea201-86d6-47db-bed3-8af730f981ec.jpg\" alt=\"\" class=\"wp-image-8901\" srcset=\"https:\/\/tsvdeinsen.de\/wp-content\/uploads\/2022\/06\/747ea201-86d6-47db-bed3-8af730f981ec.jpg 1024w, https:\/\/tsvdeinsen.de\/wp-content\/uploads\/2022\/06\/747ea201-86d6-47db-bed3-8af730f981ec-300x225.jpg 300w, https:\/\/tsvdeinsen.de\/wp-content\/uploads\/2022\/06\/747ea201-86d6-47db-bed3-8af730f981ec-128x96.jpg 128w, https:\/\/tsvdeinsen.de\/wp-content\/uploads\/2022\/06\/747ea201-86d6-47db-bed3-8af730f981ec-32x24.jpg 32w\" sizes=\"auto, (max-width: 1024px) 100vw, 1024px\" \/><figcaption>Hintere Reihe stehend von links nach rechts: Bj\u00f6rn Ratheisky, Lars Wedekind, Lars Ratheisky, Stefan M\u00fcller, Veljko Bundalo und Betreuer Patrick Pander.<br>In der Hocke von links nach rechts: Norbert Fengler, Mirko Wendland, Erkan Demir und Andre Kotarra.&nbsp;<\/figcaption><\/figure>\n\n\n\n<figure class=\"wp-block-gallery has-nested-images columns-default is-cropped wp-block-gallery-2 is-layout-flex wp-block-gallery-is-layout-flex\">\n<figure class=\"wp-block-image size-large\"><img loading=\"lazy\" decoding=\"async\" width=\"576\" height=\"768\" data-id=\"8905\" src=\"https:\/\/tsvdeinsen.de\/wp-content\/uploads\/2022\/06\/IMG_0941-1-576x768.jpg\" alt=\"\" class=\"wp-image-8905\" srcset=\"https:\/\/tsvdeinsen.de\/wp-content\/uploads\/2022\/06\/IMG_0941-1-576x768.jpg 576w, https:\/\/tsvdeinsen.de\/wp-content\/uploads\/2022\/06\/IMG_0941-1-225x300.jpg 225w, https:\/\/tsvdeinsen.de\/wp-content\/uploads\/2022\/06\/IMG_0941-1-1152x1536.jpg 1152w, https:\/\/tsvdeinsen.de\/wp-content\/uploads\/2022\/06\/IMG_0941-1-1536x2048.jpg 1536w, https:\/\/tsvdeinsen.de\/wp-content\/uploads\/2022\/06\/IMG_0941-1-96x128.jpg 96w, https:\/\/tsvdeinsen.de\/wp-content\/uploads\/2022\/06\/IMG_0941-1-24x32.jpg 24w, https:\/\/tsvdeinsen.de\/wp-content\/uploads\/2022\/06\/IMG_0941-1-scaled.jpg 1920w\" sizes=\"auto, (max-width: 576px) 100vw, 576px\" \/><\/figure>\n<\/figure>\n\n\n\n<figure class=\"wp-block-image size-large\"><img loading=\"lazy\" decoding=\"async\" width=\"432\" height=\"768\" src=\"https:\/\/tsvdeinsen.de\/wp-content\/uploads\/2022\/06\/2a8f60ab-8a80-4cee-a9bf-151efc6d671c-432x768.jpg\" alt=\"\" class=\"wp-image-8900\" srcset=\"https:\/\/tsvdeinsen.de\/wp-content\/uploads\/2022\/06\/2a8f60ab-8a80-4cee-a9bf-151efc6d671c-432x768.jpg 432w, https:\/\/tsvdeinsen.de\/wp-content\/uploads\/2022\/06\/2a8f60ab-8a80-4cee-a9bf-151efc6d671c-169x300.jpg 169w, https:\/\/tsvdeinsen.de\/wp-content\/uploads\/2022\/06\/2a8f60ab-8a80-4cee-a9bf-151efc6d671c-864x1536.jpg 864w, https:\/\/tsvdeinsen.de\/wp-content\/uploads\/2022\/06\/2a8f60ab-8a80-4cee-a9bf-151efc6d671c-72x128.jpg 72w, https:\/\/tsvdeinsen.de\/wp-content\/uploads\/2022\/06\/2a8f60ab-8a80-4cee-a9bf-151efc6d671c-18x32.jpg 18w, https:\/\/tsvdeinsen.de\/wp-content\/uploads\/2022\/06\/2a8f60ab-8a80-4cee-a9bf-151efc6d671c.jpg 899w\" sizes=\"auto, (max-width: 432px) 100vw, 432px\" \/><\/figure>\n\n\n\n<figure class=\"wp-block-image size-large\"><img loading=\"lazy\" decoding=\"async\" width=\"333\" height=\"768\" src=\"https:\/\/tsvdeinsen.de\/wp-content\/uploads\/2022\/06\/1d5acbe1-d4d3-48c4-b2a7-6fee284dbbdc-333x768.jpg\" alt=\"\" class=\"wp-image-8899\" srcset=\"https:\/\/tsvdeinsen.de\/wp-content\/uploads\/2022\/06\/1d5acbe1-d4d3-48c4-b2a7-6fee284dbbdc-333x768.jpg 333w, https:\/\/tsvdeinsen.de\/wp-content\/uploads\/2022\/06\/1d5acbe1-d4d3-48c4-b2a7-6fee284dbbdc-130x300.jpg 130w, https:\/\/tsvdeinsen.de\/wp-content\/uploads\/2022\/06\/1d5acbe1-d4d3-48c4-b2a7-6fee284dbbdc-666x1536.jpg 666w, https:\/\/tsvdeinsen.de\/wp-content\/uploads\/2022\/06\/1d5acbe1-d4d3-48c4-b2a7-6fee284dbbdc-55x128.jpg 55w, https:\/\/tsvdeinsen.de\/wp-content\/uploads\/2022\/06\/1d5acbe1-d4d3-48c4-b2a7-6fee284dbbdc-14x32.jpg 14w, https:\/\/tsvdeinsen.de\/wp-content\/uploads\/2022\/06\/1d5acbe1-d4d3-48c4-b2a7-6fee284dbbdc.jpg 675w\" sizes=\"auto, (max-width: 333px) 100vw, 333px\" \/><figcaption>Trotz schwerer Verletzung wieder zur\u00fcck beim Team &#8211; Keeper Mirko Wendland.<\/figcaption><\/figure>\n","protected":false},"excerpt":{"rendered":"<p>Die Mannschaft der \u00dc40 Altsenioren des TSV Deinsen war am Samstag zum ersten Mal in der Vereinsgeschichte&nbsp;(seit dem 07.06.2022 ist der TSV Deinsen 75 Jahre alt), bei der Endrunde der \u00dc40 Niedersachsenmeisterschaft am&nbsp;Start. Bereits im September 2019 hatten sich die Deinser f\u00fcr diese Endrunde qualifiziert. Durch die Corona-Pandemie wurde dieses Endturnier 2x abgesagt, und konnte<\/p>\n<p><a class=\"read-more\" href=\"https:\/\/tsvdeinsen.de\/?p=8904\"> Read More&#8230;<\/a><\/p>\n","protected":false},"author":5,"featured_media":8901,"comment_status":"closed","ping_status":"closed","sticky":false,"template":"","format":"standard","meta":{"footnotes":""},"categories":[31],"tags":[],"class_list":["post-8904","post","type-post","status-publish","format-standard","has-post-thumbnail","hentry","category-allgemein"],"_links":{"self":[{"href":"https:\/\/tsvdeinsen.de\/index.php?rest_route=\/wp\/v2\/posts\/8904","targetHints":{"allow":["GET"]}}],"collection":[{"href":"https:\/\/tsvdeinsen.de\/index.php?rest_route=\/wp\/v2\/posts"}],"about":[{"href":"https:\/\/tsvdeinsen.de\/index.php?rest_route=\/wp\/v2\/types\/post"}],"author":[{"embeddable":true,"href":"https:\/\/tsvdeinsen.de\/index.php?rest_route=\/wp\/v2\/users\/5"}],"replies":[{"embeddable":true,"href":"https:\/\/tsvdeinsen.de\/index.php?rest_route=%2Fwp%2Fv2%2Fcomments&post=8904"}],"version-history":[{"count":3,"href":"https:\/\/tsvdeinsen.de\/index.php?rest_route=\/wp\/v2\/posts\/8904\/revisions"}],"predecessor-version":[{"id":8908,"href":"https:\/\/tsvdeinsen.de\/index.php?rest_route=\/wp\/v2\/posts\/8904\/revisions\/8908"}],"wp:featuredmedia":[{"embeddable":true,"href":"https:\/\/tsvdeinsen.de\/index.php?rest_route=\/wp\/v2\/media\/8901"}],"wp:attachment":[{"href":"https:\/\/tsvdeinsen.de\/index.php?rest_route=%2Fwp%2Fv2%2Fmedia&parent=8904"}],"wp:term":[{"taxonomy":"category","embeddable":true,"href":"https:\/\/tsvdeinsen.de\/index.php?rest_route=%2Fwp%2Fv2%2Fcategories&post=8904"},{"taxonomy":"post_tag","embeddable":true,"href":"https:\/\/tsvdeinsen.de\/index.php?rest_route=%2Fwp%2Fv2%2Ftags&post=8904"}],"curies":[{"name":"wp","href":"https:\/\/api.w.org\/{rel}","templated":true}]}}